{"id":2266,"date":"2025-11-03T15:24:36","date_gmt":"2025-11-03T14:24:36","guid":{"rendered":"https:\/\/forumafricaneitaliane.it\/2025\/11\/03\/cloture-du-mois-de-la-femme-succes-defis-et-perspectives-pour-la-mise-en-oeuvre-des-odd-aprile-2025\/"},"modified":"2026-03-05T11:33:11","modified_gmt":"2026-03-05T10:33:11","slug":"cloture-du-mois-de-la-femme-succes-defis-et-perspectives-pour-la-mise-en-oeuvre-des-odd-aprile-2025","status":"publish","type":"post","link":"https:\/\/forumafricaneitaliane.it\/fr\/2025\/11\/03\/cloture-du-mois-de-la-femme-succes-defis-et-perspectives-pour-la-mise-en-oeuvre-des-odd-aprile-2025\/","title":{"rendered":"Cl\u00f4ture du Mois de la Femme \u2013 Succ\u00e8s, d\u00e9fis et perspectives pour la mise en \u0153uvre des ODD \u2013 Avril 2025"},"content":{"rendered":"<div class=\"wpb-content-wrapper\"><p>[vc_row][vc_column][vc_column_text css=&#8221;&#8221;]Le 19 avril, \u00e0 10h30 (heure de Kinshasa), une importante r\u00e9union en ligne consacr\u00e9e \u00e0 la cl\u00f4ture du Mois de la Femme a \u00e9t\u00e9 organis\u00e9e par le R\u00e9seau des Femmes d&#8217;Afrique Francophone pour les Objectifs de D\u00e9veloppement Durable (RFAF\/ODD).<br \/>\nLe th\u00e8me de cette ann\u00e9e, \u00ab Succ\u00e8s, d\u00e9fis, enjeux et perspectives en rapport avec la mise en \u0153uvre des ODD \u00bb, a offert un espace de discussion et de r\u00e9flexion sur les d\u00e9fis, les succ\u00e8s et les perspectives de la contribution des femmes \u00e0 la mise en \u0153uvre des objectifs de d\u00e9veloppement durable (ODD) dans le contexte africain.[\/vc_column_text][\/vc_column][\/vc_row]<\/p>\n<\/div>","protected":false},"excerpt":{"rendered":"<p>[vc_row][vc_column][vc_column_text css=&#8221;&#8221;]Le 19 avril, \u00e0 10h30 (heure de Kinshasa), une importante r\u00e9union en ligne consacr\u00e9e \u00e0 la cl\u00f4ture du Mois de la Femme a \u00e9t\u00e9 organis\u00e9e par le R\u00e9seau des Femmes d&#8217;Afrique Francophone pour les Objectifs de D\u00e9veloppement Durable (RFAF\/ODD). Le th\u00e8me de cette ann\u00e9e, \u00ab Succ\u00e8s, d\u00e9fis, enjeux et perspectives en rapport avec la [&hellip;]<\/p>\n","protected":false},"author":1,"featured_media":2267,"comment_status":"closed","ping_status":"closed","sticky":false,"template":"","format":"standard","meta":{"footnotes":""},"categories":[71],"tags":[],"class_list":["post-2266","post","type-post","status-publish","format-standard","has-post-thumbnail","hentry","category-autres-evenements"],"_links":{"self":[{"href":"https:\/\/forumafricaneitaliane.it\/fr\/wp-json\/wp\/v2\/posts\/2266","targetHints":{"allow":["GET"]}}],"collection":[{"href":"https:\/\/forumafricaneitaliane.it\/fr\/wp-json\/wp\/v2\/posts"}],"about":[{"href":"https:\/\/forumafricaneitaliane.it\/fr\/wp-json\/wp\/v2\/types\/post"}],"author":[{"embeddable":true,"href":"https:\/\/forumafricaneitaliane.it\/fr\/wp-json\/wp\/v2\/users\/1"}],"replies":[{"embeddable":true,"href":"https:\/\/forumafricaneitaliane.it\/fr\/wp-json\/wp\/v2\/comments?post=2266"}],"version-history":[{"count":3,"href":"https:\/\/forumafricaneitaliane.it\/fr\/wp-json\/wp\/v2\/posts\/2266\/revisions"}],"predecessor-version":[{"id":2271,"href":"https:\/\/forumafricaneitaliane.it\/fr\/wp-json\/wp\/v2\/posts\/2266\/revisions\/2271"}],"wp:featuredmedia":[{"embeddable":true,"href":"https:\/\/forumafricaneitaliane.it\/fr\/wp-json\/wp\/v2\/media\/2267"}],"wp:attachment":[{"href":"https:\/\/forumafricaneitaliane.it\/fr\/wp-json\/wp\/v2\/media?parent=2266"}],"wp:term":[{"taxonomy":"category","embeddable":true,"href":"https:\/\/forumafricaneitaliane.it\/fr\/wp-json\/wp\/v2\/categories?post=2266"},{"taxonomy":"post_tag","embeddable":true,"href":"https:\/\/forumafricaneitaliane.it\/fr\/wp-json\/wp\/v2\/tags?post=2266"}],"curies":[{"name":"wp","href":"https:\/\/api.w.org\/{rel}","templated":true}]}}