{"id":2275,"date":"2025-11-03T15:28:23","date_gmt":"2025-11-03T14:28:23","guid":{"rendered":"https:\/\/forumafricaneitaliane.it\/2025\/11\/03\/sotto-sopra-come-fermare-lestrattivismo-in-congo-maggio-2025\/"},"modified":"2026-03-11T11:11:53","modified_gmt":"2026-03-11T10:11:53","slug":"sotto-sopra-comment-mettre-fin-a-lextractivisme-au-congo-mai-2025","status":"publish","type":"post","link":"https:\/\/forumafricaneitaliane.it\/fr\/2025\/11\/03\/sotto-sopra-comment-mettre-fin-a-lextractivisme-au-congo-mai-2025\/","title":{"rendered":"SOTTO\/SOPRA \u2013 Comment mettre fin \u00e0 l&#8217;extractivisme au Congo \u2013 Mai 2025"},"content":{"rendered":"<div class=\"wpb-content-wrapper\"><p>[vc_row][vc_column][vc_column_text css=&#8221;&#8221;]Un nouveau rendez-vous du cycle SOTTO\/SOPRA, consacr\u00e9 \u00e0 l&#8217;Afrique et aux d\u00e9fis mondiaux li\u00e9s \u00e0 l&#8217;exploitation des ressources naturelles.<br \/>\nCette deuxi\u00e8me rencontre sera centr\u00e9e sur un th\u00e8me crucial : comment mettre fin \u00e0 l&#8217;extractivisme au Congo et construire des voies vers la justice environnementale et sociale.[\/vc_column_text][\/vc_column][\/vc_row]<\/p>\n<\/div>","protected":false},"excerpt":{"rendered":"<p>[vc_row][vc_column][vc_column_text css=&#8221;&#8221;]Un nouveau rendez-vous du cycle SOTTO\/SOPRA, consacr\u00e9 \u00e0 l&#8217;Afrique et aux d\u00e9fis mondiaux li\u00e9s \u00e0 l&#8217;exploitation des ressources naturelles. Cette deuxi\u00e8me rencontre sera centr\u00e9e sur un th\u00e8me crucial : comment mettre fin \u00e0 l&#8217;extractivisme au Congo et construire des voies vers la justice environnementale et sociale.[\/vc_column_text][\/vc_column][\/vc_row]<\/p>\n","protected":false},"author":1,"featured_media":2276,"comment_status":"closed","ping_status":"closed","sticky":false,"template":"","format":"standard","meta":{"footnotes":""},"categories":[71],"tags":[],"class_list":["post-2275","post","type-post","status-publish","format-standard","has-post-thumbnail","hentry","category-autres-evenements"],"_links":{"self":[{"href":"https:\/\/forumafricaneitaliane.it\/fr\/wp-json\/wp\/v2\/posts\/2275","targetHints":{"allow":["GET"]}}],"collection":[{"href":"https:\/\/forumafricaneitaliane.it\/fr\/wp-json\/wp\/v2\/posts"}],"about":[{"href":"https:\/\/forumafricaneitaliane.it\/fr\/wp-json\/wp\/v2\/types\/post"}],"author":[{"embeddable":true,"href":"https:\/\/forumafricaneitaliane.it\/fr\/wp-json\/wp\/v2\/users\/1"}],"replies":[{"embeddable":true,"href":"https:\/\/forumafricaneitaliane.it\/fr\/wp-json\/wp\/v2\/comments?post=2275"}],"version-history":[{"count":2,"href":"https:\/\/forumafricaneitaliane.it\/fr\/wp-json\/wp\/v2\/posts\/2275\/revisions"}],"predecessor-version":[{"id":2278,"href":"https:\/\/forumafricaneitaliane.it\/fr\/wp-json\/wp\/v2\/posts\/2275\/revisions\/2278"}],"wp:featuredmedia":[{"embeddable":true,"href":"https:\/\/forumafricaneitaliane.it\/fr\/wp-json\/wp\/v2\/media\/2276"}],"wp:attachment":[{"href":"https:\/\/forumafricaneitaliane.it\/fr\/wp-json\/wp\/v2\/media?parent=2275"}],"wp:term":[{"taxonomy":"category","embeddable":true,"href":"https:\/\/forumafricaneitaliane.it\/fr\/wp-json\/wp\/v2\/categories?post=2275"},{"taxonomy":"post_tag","embeddable":true,"href":"https:\/\/forumafricaneitaliane.it\/fr\/wp-json\/wp\/v2\/tags?post=2275"}],"curies":[{"name":"wp","href":"https:\/\/api.w.org\/{rel}","templated":true}]}}