{"id":2296,"date":"2025-11-03T15:30:29","date_gmt":"2025-11-03T14:30:29","guid":{"rendered":"https:\/\/forumafricaneitaliane.it\/2025\/11\/03\/giornata-internazionale-della-donna-africana-luglio-2025\/"},"modified":"2026-03-11T11:11:36","modified_gmt":"2026-03-11T10:11:36","slug":"journee-internationale-de-la-femme-africaine-juillet-2025","status":"publish","type":"post","link":"https:\/\/forumafricaneitaliane.it\/fr\/2025\/11\/03\/journee-internationale-de-la-femme-africaine-juillet-2025\/","title":{"rendered":"Journ\u00e9e internationale de la femme africaine \u2013 Juillet 2025"},"content":{"rendered":"<div class=\"wpb-content-wrapper\"><p>[vc_row][vc_column][vc_column_text css=&#8221;&#8221;]<\/p>\n<div class=\"page\" title=\"Page 5\">\n<div class=\"layoutArea\">\n<div class=\"column\">\n<div class=\"page\" title=\"Page 4\">\n<div class=\"layoutArea\">\n<div class=\"column\">\n<div class=\"page\" title=\"Page 4\">\n<div class=\"layoutArea\">\n<div class=\"column\">\n<p>Aujourd&#8217;hui, nous c\u00e9l\u00e9brons la Journ\u00e9e internationale de la femme africaine : une occasion qui n&#8217;est pas seulement un moment de f\u00eate, mais aussi de r\u00e9flexion profonde et de prise de conscience.<\/p>\n<p>Les femmes africaines, plus que beaucoup d&#8217;autres dans le monde, continuent de faire face \u00e0 des d\u00e9fis complexes li\u00e9s \u00e0 l&#8217;\u00e9galit\u00e9 des sexes, qui reste un objectif lointain. \u00c0 ces difficult\u00e9s s&#8217;ajoutent les fragilit\u00e9s structurelles du continent, les guerres, le sous-d\u00e9veloppement, l&#8217;exploitation des ressources et, dans certains pays, une gouvernance encore instable.<\/p>\n<p>Pourtant, les femmes africaines n&#8217;ont jamais baiss\u00e9 les bras.<br \/>\nElles sont chaque jour en premi\u00e8re ligne pour le changement, engag\u00e9es dans la construction de la paix, la croissance de leurs communaut\u00e9s et le d\u00e9veloppement de leurs pays. Elles ne sont pas des victimes, mais les protagonistes de l&#8217;avenir de l&#8217;Afrique.<br \/>\nElles ne demandent pas de piti\u00e9, mais des alliances solides et \u00e9galitaires, des partenariats gagnant-gagnant avec les autres \u00c9tats du monde et, dans notre cas, avec les institutions, les entreprises et les associations italiennes afin de construire ensemble des ponts de coop\u00e9ration et de d\u00e9veloppement entre l&#8217;Afrique et l&#8217;Italie.<\/p>\n<p>Le plan Mattei pour l&#8217;Afrique devra n\u00e9cessairement tenir compte de l&#8217;autonomisation des femmes s&#8217;il veut \u00eatre un plan de d\u00e9veloppement vraiment efficace.<br \/>\nL&#8217;Afrique ne pourra jamais se d\u00e9velopper sans ses femmes : ce sont elles qui soutiennent les familles, les communaut\u00e9s et des \u00e9conomies enti\u00e8res. Si les femmes africaines s&#8217;arr\u00eataient, l&#8217;Afrique s&#8217;arr\u00eaterait avec elles.<\/p>\n<p>C&#8217;est pourquoi il est essentiel d&#8217;investir dans les femmes, avec les femmes et pour les femmes, en soutenant leurs projets, leurs entreprises et leur leadership, afin d&#8217;atteindre ensemble les objectifs de d\u00e9veloppement durable du continent.<\/p>\n<\/div>\n<\/div>\n<\/div>\n<\/div>\n<\/div>\n<\/div>\n<\/div>\n<\/div>\n<\/div>\n<p>[\/vc_column_text][\/vc_column][\/vc_row]<\/p>\n<\/div>","protected":false},"excerpt":{"rendered":"<p>[vc_row][vc_column][vc_column_text css=&#8221;&#8221;] Aujourd&#8217;hui, nous c\u00e9l\u00e9brons la Journ\u00e9e internationale de la femme africaine : une occasion qui n&#8217;est pas seulement un moment de f\u00eate, mais aussi de r\u00e9flexion profonde et de prise de conscience. Les femmes africaines, plus que beaucoup d&#8217;autres dans le monde, continuent de faire face \u00e0 des d\u00e9fis complexes li\u00e9s \u00e0 l&#8217;\u00e9galit\u00e9 des [&hellip;]<\/p>\n","protected":false},"author":1,"featured_media":2297,"comment_status":"closed","ping_status":"closed","sticky":false,"template":"","format":"standard","meta":{"footnotes":""},"categories":[71],"tags":[],"class_list":["post-2296","post","type-post","status-publish","format-standard","has-post-thumbnail","hentry","category-autres-evenements"],"_links":{"self":[{"href":"https:\/\/forumafricaneitaliane.it\/fr\/wp-json\/wp\/v2\/posts\/2296","targetHints":{"allow":["GET"]}}],"collection":[{"href":"https:\/\/forumafricaneitaliane.it\/fr\/wp-json\/wp\/v2\/posts"}],"about":[{"href":"https:\/\/forumafricaneitaliane.it\/fr\/wp-json\/wp\/v2\/types\/post"}],"author":[{"embeddable":true,"href":"https:\/\/forumafricaneitaliane.it\/fr\/wp-json\/wp\/v2\/users\/1"}],"replies":[{"embeddable":true,"href":"https:\/\/forumafricaneitaliane.it\/fr\/wp-json\/wp\/v2\/comments?post=2296"}],"version-history":[{"count":2,"href":"https:\/\/forumafricaneitaliane.it\/fr\/wp-json\/wp\/v2\/posts\/2296\/revisions"}],"predecessor-version":[{"id":2299,"href":"https:\/\/forumafricaneitaliane.it\/fr\/wp-json\/wp\/v2\/posts\/2296\/revisions\/2299"}],"wp:featuredmedia":[{"embeddable":true,"href":"https:\/\/forumafricaneitaliane.it\/fr\/wp-json\/wp\/v2\/media\/2297"}],"wp:attachment":[{"href":"https:\/\/forumafricaneitaliane.it\/fr\/wp-json\/wp\/v2\/media?parent=2296"}],"wp:term":[{"taxonomy":"category","embeddable":true,"href":"https:\/\/forumafricaneitaliane.it\/fr\/wp-json\/wp\/v2\/categories?post=2296"},{"taxonomy":"post_tag","embeddable":true,"href":"https:\/\/forumafricaneitaliane.it\/fr\/wp-json\/wp\/v2\/tags?post=2296"}],"curies":[{"name":"wp","href":"https:\/\/api.w.org\/{rel}","templated":true}]}}