{"id":2303,"date":"2025-11-03T15:31:16","date_gmt":"2025-11-03T14:31:16","guid":{"rendered":"https:\/\/forumafricaneitaliane.it\/2025\/11\/03\/global-sumud-flotilla-agosto-2025\/"},"modified":"2026-03-11T11:11:29","modified_gmt":"2026-03-11T10:11:29","slug":"global-sumud-flotilla-aout-2025","status":"publish","type":"post","link":"https:\/\/forumafricaneitaliane.it\/fr\/2025\/11\/03\/global-sumud-flotilla-aout-2025\/","title":{"rendered":"Global Sumud Flotilla \u2013 Ao\u00fbt 2025"},"content":{"rendered":"<div class=\"wpb-content-wrapper\"><p>[vc_row][vc_column][vc_column_text css=&#8221;&#8221;]<\/p>\n<div class=\"page\" title=\"Page 5\">\n<div class=\"layoutArea\">\n<div class=\"column\">\n<div class=\"page\" title=\"Page 4\">\n<div class=\"layoutArea\">\n<div class=\"column\">\n<div class=\"page\" title=\"Page 4\">\n<div class=\"layoutArea\">\n<div class=\"column\">\n<div class=\"page\" title=\"Page 4\">\n<div class=\"layoutArea\">\n<div class=\"column\">\n<p>Nous soutenons avec conviction le Mouvement mondial pour Gaza, en participant aux rassemblements et, pour ceux qui en ont la possibilit\u00e9, en apportant \u00e9galement une contribution financi\u00e8re.<br \/>\nGaza m\u00e9rite notre proximit\u00e9, notre solidarit\u00e9 et notre engagement concret en faveur de la paix, de la dignit\u00e9 et du respect des droits humains.<\/p>\n<\/div>\n<\/div>\n<\/div>\n<\/div>\n<\/div>\n<\/div>\n<\/div>\n<\/div>\n<\/div>\n<\/div>\n<\/div>\n<\/div>\n<p>[\/vc_column_text][\/vc_column][\/vc_row]<\/p>\n<\/div>","protected":false},"excerpt":{"rendered":"<p>[vc_row][vc_column][vc_column_text css=&#8221;&#8221;] Nous soutenons avec conviction le Mouvement mondial pour Gaza, en participant aux rassemblements et, pour ceux qui en ont la possibilit\u00e9, en apportant \u00e9galement une contribution financi\u00e8re. Gaza m\u00e9rite notre proximit\u00e9, notre solidarit\u00e9 et notre engagement concret en faveur de la paix, de la dignit\u00e9 et du respect des droits humains. [\/vc_column_text][\/vc_column][\/vc_row]<\/p>\n","protected":false},"author":1,"featured_media":2304,"comment_status":"closed","ping_status":"closed","sticky":false,"template":"","format":"standard","meta":{"footnotes":""},"categories":[71],"tags":[],"class_list":["post-2303","post","type-post","status-publish","format-standard","has-post-thumbnail","hentry","category-autres-evenements"],"_links":{"self":[{"href":"https:\/\/forumafricaneitaliane.it\/fr\/wp-json\/wp\/v2\/posts\/2303","targetHints":{"allow":["GET"]}}],"collection":[{"href":"https:\/\/forumafricaneitaliane.it\/fr\/wp-json\/wp\/v2\/posts"}],"about":[{"href":"https:\/\/forumafricaneitaliane.it\/fr\/wp-json\/wp\/v2\/types\/post"}],"author":[{"embeddable":true,"href":"https:\/\/forumafricaneitaliane.it\/fr\/wp-json\/wp\/v2\/users\/1"}],"replies":[{"embeddable":true,"href":"https:\/\/forumafricaneitaliane.it\/fr\/wp-json\/wp\/v2\/comments?post=2303"}],"version-history":[{"count":1,"href":"https:\/\/forumafricaneitaliane.it\/fr\/wp-json\/wp\/v2\/posts\/2303\/revisions"}],"predecessor-version":[{"id":2306,"href":"https:\/\/forumafricaneitaliane.it\/fr\/wp-json\/wp\/v2\/posts\/2303\/revisions\/2306"}],"wp:featuredmedia":[{"embeddable":true,"href":"https:\/\/forumafricaneitaliane.it\/fr\/wp-json\/wp\/v2\/media\/2304"}],"wp:attachment":[{"href":"https:\/\/forumafricaneitaliane.it\/fr\/wp-json\/wp\/v2\/media?parent=2303"}],"wp:term":[{"taxonomy":"category","embeddable":true,"href":"https:\/\/forumafricaneitaliane.it\/fr\/wp-json\/wp\/v2\/categories?post=2303"},{"taxonomy":"post_tag","embeddable":true,"href":"https:\/\/forumafricaneitaliane.it\/fr\/wp-json\/wp\/v2\/tags?post=2303"}],"curies":[{"name":"wp","href":"https:\/\/api.w.org\/{rel}","templated":true}]}}