{"id":2309,"date":"2025-11-03T15:31:45","date_gmt":"2025-11-03T14:31:45","guid":{"rendered":"https:\/\/forumafricaneitaliane.it\/2025\/11\/03\/go-international-milano-settembre-2025\/"},"modified":"2026-03-11T11:11:19","modified_gmt":"2026-03-11T10:11:19","slug":"go-international-milan-septembre-2025","status":"publish","type":"post","link":"https:\/\/forumafricaneitaliane.it\/fr\/2025\/11\/03\/go-international-milan-septembre-2025\/","title":{"rendered":"Go International Milan \u2013 Septembre 2025"},"content":{"rendered":"<div class=\"wpb-content-wrapper\"><p>[vc_row][vc_column][vc_column_text css=&#8221;&#8221;]<\/p>\n<div class=\"page\" title=\"Page 5\">\n<div class=\"layoutArea\">\n<div class=\"column\">\n<div class=\"page\" title=\"Page 4\">\n<div class=\"layoutArea\">\n<div class=\"column\">\n<div class=\"page\" title=\"Page 4\">\n<div class=\"layoutArea\">\n<div class=\"column\">\n<div class=\"page\" title=\"Page 4\">\n<div class=\"layoutArea\">\n<div class=\"column\">\n<div class=\"page\" title=\"Page 4\">\n<div class=\"layoutArea\">\n<div class=\"column\">\n<p>\u00c0 l&#8217;occasion du salon Go International de Milan, nous avons eu l&#8217;occasion importante de rencontrer et d&#8217;\u00e9changer avec le minist\u00e8re de l&#8217;Agriculture de la R\u00e9publique d\u00e9mocratique du Congo.<br \/>\nGr\u00e2ce \u00e0 ses technologies innovantes et \u00e0 son expertise dans le secteur agricole, l&#8217;Italie peut apporter une contribution d\u00e9cisive au d\u00e9veloppement de l&#8217;agriculture au Congo, en favorisant la s\u00e9curit\u00e9 alimentaire et l&#8217;acc\u00e8s des produits agricoles congolais aux march\u00e9s internationaux.<br \/>\nUne collaboration concr\u00e8te tourn\u00e9e vers l&#8217;avenir, afin de construire des partenariats durables et de renforcer les liens entre l&#8217;Afrique et l&#8217;Italie sous le signe de l&#8217;innovation et de la croissance partag\u00e9e.<\/p>\n<\/div>\n<\/div>\n<\/div>\n<\/div>\n<\/div>\n<\/div>\n<\/div>\n<\/div>\n<\/div>\n<\/div>\n<\/div>\n<\/div>\n<\/div>\n<\/div>\n<\/div>\n<p>[\/vc_column_text][\/vc_column][\/vc_row]<\/p>\n<\/div>","protected":false},"excerpt":{"rendered":"<p>[vc_row][vc_column][vc_column_text css=&#8221;&#8221;] \u00c0 l&#8217;occasion du salon Go International de Milan, nous avons eu l&#8217;occasion importante de rencontrer et d&#8217;\u00e9changer avec le minist\u00e8re de l&#8217;Agriculture de la R\u00e9publique d\u00e9mocratique du Congo. Gr\u00e2ce \u00e0 ses technologies innovantes et \u00e0 son expertise dans le secteur agricole, l&#8217;Italie peut apporter une contribution d\u00e9cisive au d\u00e9veloppement de l&#8217;agriculture au Congo, [&hellip;]<\/p>\n","protected":false},"author":1,"featured_media":2310,"comment_status":"closed","ping_status":"closed","sticky":false,"template":"","format":"standard","meta":{"footnotes":""},"categories":[71],"tags":[],"class_list":["post-2309","post","type-post","status-publish","format-standard","has-post-thumbnail","hentry","category-autres-evenements"],"_links":{"self":[{"href":"https:\/\/forumafricaneitaliane.it\/fr\/wp-json\/wp\/v2\/posts\/2309","targetHints":{"allow":["GET"]}}],"collection":[{"href":"https:\/\/forumafricaneitaliane.it\/fr\/wp-json\/wp\/v2\/posts"}],"about":[{"href":"https:\/\/forumafricaneitaliane.it\/fr\/wp-json\/wp\/v2\/types\/post"}],"author":[{"embeddable":true,"href":"https:\/\/forumafricaneitaliane.it\/fr\/wp-json\/wp\/v2\/users\/1"}],"replies":[{"embeddable":true,"href":"https:\/\/forumafricaneitaliane.it\/fr\/wp-json\/wp\/v2\/comments?post=2309"}],"version-history":[{"count":2,"href":"https:\/\/forumafricaneitaliane.it\/fr\/wp-json\/wp\/v2\/posts\/2309\/revisions"}],"predecessor-version":[{"id":2313,"href":"https:\/\/forumafricaneitaliane.it\/fr\/wp-json\/wp\/v2\/posts\/2309\/revisions\/2313"}],"wp:featuredmedia":[{"embeddable":true,"href":"https:\/\/forumafricaneitaliane.it\/fr\/wp-json\/wp\/v2\/media\/2310"}],"wp:attachment":[{"href":"https:\/\/forumafricaneitaliane.it\/fr\/wp-json\/wp\/v2\/media?parent=2309"}],"wp:term":[{"taxonomy":"category","embeddable":true,"href":"https:\/\/forumafricaneitaliane.it\/fr\/wp-json\/wp\/v2\/categories?post=2309"},{"taxonomy":"post_tag","embeddable":true,"href":"https:\/\/forumafricaneitaliane.it\/fr\/wp-json\/wp\/v2\/tags?post=2309"}],"curies":[{"name":"wp","href":"https:\/\/api.w.org\/{rel}","templated":true}]}}