{"id":2316,"date":"2025-11-03T15:32:09","date_gmt":"2025-11-03T14:32:09","guid":{"rendered":"https:\/\/forumafricaneitaliane.it\/2025\/11\/03\/bologna-citta-delle-donne-ottobre-2025\/"},"modified":"2026-03-11T11:11:14","modified_gmt":"2026-03-11T10:11:14","slug":"bologne-ville-des-femmes-octobre-2025","status":"publish","type":"post","link":"https:\/\/forumafricaneitaliane.it\/fr\/2025\/11\/03\/bologne-ville-des-femmes-octobre-2025\/","title":{"rendered":"Bologne, ville des femmes \u2013 octobre 2025"},"content":{"rendered":"<div class=\"wpb-content-wrapper\"><p>[vc_row][vc_column][vc_column_text css=&#8221;&#8221;]<\/p>\n<div class=\"page\" title=\"Page 5\">\n<div class=\"layoutArea\">\n<div class=\"column\">\n<div class=\"page\" title=\"Page 4\">\n<div class=\"layoutArea\">\n<div class=\"column\">\n<div class=\"page\" title=\"Page 4\">\n<div class=\"layoutArea\">\n<div class=\"column\">\n<div class=\"page\" title=\"Page 4\">\n<div class=\"layoutArea\">\n<div class=\"column\">\n<div class=\"page\" title=\"Page 4\">\n<div class=\"layoutArea\">\n<div class=\"column\">\n<p>Aujourd&#8217;hui, \u00e0 l&#8217;occasion de la troisi\u00e8me \u00e9dition de Bologna Citt\u00e0 delle Donne, nous avons v\u00e9cu un moment pr\u00e9cieux d&#8217;\u00e9change et de partage. Cette rencontre a \u00e9t\u00e9 l&#8217;occasion de r\u00e9fl\u00e9chir ensemble aux parcours d&#8217;accueil, d&#8217;int\u00e9gration et d&#8217;autonomisation des femmes africaines et, plus g\u00e9n\u00e9ralement, de toutes les femmes migrantes.<\/p>\n<p>L&#8217;exp\u00e9rience et le dialogue qui ont \u00e9merg\u00e9 au cours de la journ\u00e9e ont confirm\u00e9 \u00e0 quel point l&#8217;alliance entre les femmes est fondamentale : ce n&#8217;est que par la collaboration, la solidarit\u00e9 et la construction de r\u00e9seaux que nous pouvons relever avec force les d\u00e9fis communs, proposer des id\u00e9es concr\u00e8tes et d\u00e9velopper des projets communs pour une participation active \u00e0 la croissance de l&#8217;Italie et au d\u00e9veloppement des pays d&#8217;origine.<\/p>\n<\/div>\n<\/div>\n<\/div>\n<\/div>\n<\/div>\n<\/div>\n<\/div>\n<\/div>\n<\/div>\n<\/div>\n<\/div>\n<\/div>\n<\/div>\n<\/div>\n<\/div>\n<p>[\/vc_column_text][\/vc_column][\/vc_row]<\/p>\n<\/div>","protected":false},"excerpt":{"rendered":"<p>[vc_row][vc_column][vc_column_text css=&#8221;&#8221;] Aujourd&#8217;hui, \u00e0 l&#8217;occasion de la troisi\u00e8me \u00e9dition de Bologna Citt\u00e0 delle Donne, nous avons v\u00e9cu un moment pr\u00e9cieux d&#8217;\u00e9change et de partage. Cette rencontre a \u00e9t\u00e9 l&#8217;occasion de r\u00e9fl\u00e9chir ensemble aux parcours d&#8217;accueil, d&#8217;int\u00e9gration et d&#8217;autonomisation des femmes africaines et, plus g\u00e9n\u00e9ralement, de toutes les femmes migrantes. L&#8217;exp\u00e9rience et le dialogue qui ont [&hellip;]<\/p>\n","protected":false},"author":1,"featured_media":2317,"comment_status":"closed","ping_status":"closed","sticky":false,"template":"","format":"standard","meta":{"footnotes":""},"categories":[71],"tags":[],"class_list":["post-2316","post","type-post","status-publish","format-standard","has-post-thumbnail","hentry","category-autres-evenements"],"_links":{"self":[{"href":"https:\/\/forumafricaneitaliane.it\/fr\/wp-json\/wp\/v2\/posts\/2316","targetHints":{"allow":["GET"]}}],"collection":[{"href":"https:\/\/forumafricaneitaliane.it\/fr\/wp-json\/wp\/v2\/posts"}],"about":[{"href":"https:\/\/forumafricaneitaliane.it\/fr\/wp-json\/wp\/v2\/types\/post"}],"author":[{"embeddable":true,"href":"https:\/\/forumafricaneitaliane.it\/fr\/wp-json\/wp\/v2\/users\/1"}],"replies":[{"embeddable":true,"href":"https:\/\/forumafricaneitaliane.it\/fr\/wp-json\/wp\/v2\/comments?post=2316"}],"version-history":[{"count":2,"href":"https:\/\/forumafricaneitaliane.it\/fr\/wp-json\/wp\/v2\/posts\/2316\/revisions"}],"predecessor-version":[{"id":2319,"href":"https:\/\/forumafricaneitaliane.it\/fr\/wp-json\/wp\/v2\/posts\/2316\/revisions\/2319"}],"wp:featuredmedia":[{"embeddable":true,"href":"https:\/\/forumafricaneitaliane.it\/fr\/wp-json\/wp\/v2\/media\/2317"}],"wp:attachment":[{"href":"https:\/\/forumafricaneitaliane.it\/fr\/wp-json\/wp\/v2\/media?parent=2316"}],"wp:term":[{"taxonomy":"category","embeddable":true,"href":"https:\/\/forumafricaneitaliane.it\/fr\/wp-json\/wp\/v2\/categories?post=2316"},{"taxonomy":"post_tag","embeddable":true,"href":"https:\/\/forumafricaneitaliane.it\/fr\/wp-json\/wp\/v2\/tags?post=2316"}],"curies":[{"name":"wp","href":"https:\/\/api.w.org\/{rel}","templated":true}]}}