{"id":2324,"date":"2025-11-12T10:51:40","date_gmt":"2025-11-12T09:51:40","guid":{"rendered":"https:\/\/forumafricaneitaliane.it\/2025\/11\/12\/seconda-assemblea-generale-dellonu-sullo-sviluppo-sociale\/"},"modified":"2026-03-11T11:11:05","modified_gmt":"2026-03-11T10:11:05","slug":"deuxieme-assemblee-generale-des-nations-unies-sur-le-developpement-social","status":"publish","type":"post","link":"https:\/\/forumafricaneitaliane.it\/fr\/2025\/11\/12\/deuxieme-assemblee-generale-des-nations-unies-sur-le-developpement-social\/","title":{"rendered":"Deuxi\u00e8me Assembl\u00e9e g\u00e9n\u00e9rale des Nations Unies sur le d\u00e9veloppement social"},"content":{"rendered":"<div class=\"wpb-content-wrapper\"><p>[vc_row][vc_column][vc_column_text css=&#8221;&#8221;]<\/p>\n<div class=\"page\" title=\"Page 5\">\n<div class=\"layoutArea\">\n<div class=\"column\">\n<div class=\"page\" title=\"Page 4\">\n<div class=\"layoutArea\">\n<div class=\"column\">\n<div class=\"page\" title=\"Page 4\">\n<div class=\"layoutArea\">\n<div class=\"column\">\n<div class=\"page\" title=\"Page 4\">\n<div class=\"layoutArea\">\n<div class=\"column\">\n<div class=\"page\" title=\"Page 4\">\n<div class=\"layoutArea\">\n<div class=\"column\">\n<p>Aujourd&#8217;hui, \u00e0 Doha, au Qatar, pour la deuxi\u00e8me Assembl\u00e9e g\u00e9n\u00e9rale des Nations unies sur le d\u00e9veloppement social apr\u00e8s celle de Copenhague en 1995, nous nous retrouvons, 30 ans plus tard, pour reparler de d\u00e9veloppement social et \u00e9laborer de nouvelles strat\u00e9gies afin d&#8217;aborder des questions telles que l&#8217;\u00e9limination de la faim et de la pauvret\u00e9.<\/p>\n<p>L&#8217;\u00e9limination des discriminations fond\u00e9es sur le genre et la participation des femmes aux processus de d\u00e9veloppement et de paix sont \u00e0 l&#8217;ordre du jour de cet \u00e9v\u00e9nement mondial important auquel nous participons \u00e9galement.<\/p>\n<\/div>\n<\/div>\n<\/div>\n<\/div>\n<\/div>\n<\/div>\n<\/div>\n<\/div>\n<\/div>\n<\/div>\n<\/div>\n<\/div>\n<\/div>\n<\/div>\n<\/div>\n<p>[\/vc_column_text][\/vc_column][\/vc_row]<\/p>\n<\/div>","protected":false},"excerpt":{"rendered":"<p>[vc_row][vc_column][vc_column_text css=&#8221;&#8221;] Aujourd&#8217;hui, \u00e0 Doha, au Qatar, pour la deuxi\u00e8me Assembl\u00e9e g\u00e9n\u00e9rale des Nations unies sur le d\u00e9veloppement social apr\u00e8s celle de Copenhague en 1995, nous nous retrouvons, 30 ans plus tard, pour reparler de d\u00e9veloppement social et \u00e9laborer de nouvelles strat\u00e9gies afin d&#8217;aborder des questions telles que l&#8217;\u00e9limination de la faim et de la [&hellip;]<\/p>\n","protected":false},"author":1,"featured_media":2325,"comment_status":"closed","ping_status":"closed","sticky":false,"template":"","format":"standard","meta":{"footnotes":""},"categories":[71],"tags":[],"class_list":["post-2324","post","type-post","status-publish","format-standard","has-post-thumbnail","hentry","category-autres-evenements"],"_links":{"self":[{"href":"https:\/\/forumafricaneitaliane.it\/fr\/wp-json\/wp\/v2\/posts\/2324","targetHints":{"allow":["GET"]}}],"collection":[{"href":"https:\/\/forumafricaneitaliane.it\/fr\/wp-json\/wp\/v2\/posts"}],"about":[{"href":"https:\/\/forumafricaneitaliane.it\/fr\/wp-json\/wp\/v2\/types\/post"}],"author":[{"embeddable":true,"href":"https:\/\/forumafricaneitaliane.it\/fr\/wp-json\/wp\/v2\/users\/1"}],"replies":[{"embeddable":true,"href":"https:\/\/forumafricaneitaliane.it\/fr\/wp-json\/wp\/v2\/comments?post=2324"}],"version-history":[{"count":1,"href":"https:\/\/forumafricaneitaliane.it\/fr\/wp-json\/wp\/v2\/posts\/2324\/revisions"}],"predecessor-version":[{"id":2328,"href":"https:\/\/forumafricaneitaliane.it\/fr\/wp-json\/wp\/v2\/posts\/2324\/revisions\/2328"}],"wp:featuredmedia":[{"embeddable":true,"href":"https:\/\/forumafricaneitaliane.it\/fr\/wp-json\/wp\/v2\/media\/2325"}],"wp:attachment":[{"href":"https:\/\/forumafricaneitaliane.it\/fr\/wp-json\/wp\/v2\/media?parent=2324"}],"wp:term":[{"taxonomy":"category","embeddable":true,"href":"https:\/\/forumafricaneitaliane.it\/fr\/wp-json\/wp\/v2\/categories?post=2324"},{"taxonomy":"post_tag","embeddable":true,"href":"https:\/\/forumafricaneitaliane.it\/fr\/wp-json\/wp\/v2\/tags?post=2324"}],"curies":[{"name":"wp","href":"https:\/\/api.w.org\/{rel}","templated":true}]}}